{"id":85113,"date":"2015-05-11T12:54:16","date_gmt":"2015-05-11T10:54:16","guid":{"rendered":"http:\/\/comunicacion.umh.es\/?p=85113"},"modified":"2015-05-13T11:59:03","modified_gmt":"2015-05-13T09:59:03","slug":"estudiantes-presentan-el-datil15-un-vehiculo-de-bajo-consumo-con-el-que-participaran-en-la-shell-eco-marathon","status":"publish","type":"post","link":"https:\/\/comunicacion.umh.es\/en\/2015\/05\/11\/estudiantes-presentan-el-datil15-un-vehiculo-de-bajo-consumo-con-el-que-participaran-en-la-shell-eco-marathon\/","title":{"rendered":"UMH students present the D\u00e1til \u00b415, an energy efficient vehicle participating in the Shell Eco-marathon"},"content":{"rendered":"<p><\/p>\n<p style=\"text-align: justify\">The Miguel Hern\u00e1ndez University of Elche (UMH) presented \u00a0the D\u00e1til \u00b415, an energy efficient vehicle that a group of students from the School of Engineering of Elche (EPSE) will use to participate in the international Shell Eco-marathon competition to be held May 22-24 on an urban circuit in the city of Rotterdam, the Netherlands. This competition rewards the vehicle that travels the most kilometers on a liter of fuel. Attending the car\u2019s presentation were UMH Vice Rector for Institutional Relations, Mar\u00eda Teresa P\u00e9rez V\u00e1zquez, and university associate professor and student coordinator, Miguel \u00c1ngel Oliva.<!--more--><\/p>\n<p style=\"text-align: justify\"><a href=\"https:\/\/comunicacion.umh.es\/files\/2015\/05\/IMG_65071.jpg\"><img loading=\"lazy\" class=\"alignleft size-medium wp-image-85151\" alt=\"IMG_6507\" src=\"https:\/\/comunicacion.umh.es\/files\/2015\/05\/IMG_65071-300x224.jpg\" width=\"300\" height=\"224\" srcset=\"https:\/\/comunicacion.umh.es\/files\/2015\/05\/IMG_65071-300x224.jpg 300w, https:\/\/comunicacion.umh.es\/files\/2015\/05\/IMG_65071-1024x764.jpg 1024w\" sizes=\"(max-width: 300px) 100vw, 300px\" \/><\/a><\/p>\n<p style=\"text-align: justify\">Seven undergraduate mechanical engineering students, three from the mechanical specialty of industrial technical engineering, and five industrial engineering students from the UMH have worked for nine months building the D\u00e1til \u00b415 prototype, which was coordinated by associate professor Miguel \u00c1ngel Oliva from the UMH Mechanical Engineering and Energy Department and researcher David Abell\u00e1n. Driving the vehicle will be students Cristina Planelles and \u00c1ngela Cuenca.<\/p>\n<p style=\"text-align: justify\">Around 200 teams from around the world participate in this international competition. This year\u2019s will be the 12th time that the UMH participates in it with an energy efficient vehicle. The students have built an entirely new prototype that reduces its weight to 28 kg (a 30% reduction compared to the previous model), it has innovative front-wheel drive that optimizes weight and minimizes friction in curves, and improved aerodynamics by some 40%. The UMH vehicle is 2.85 meters long, 60 centimeters wide, and 50 centimeters tall. It is one of the lowest models in its category, and this design considerably reduces the risk of rollovers, something important to keep in mind as this year\u2019s competition takes place on an urban circuit with tight curves.<\/p>\n<p style=\"text-align: justify\">The competition consists in completing laps around the circuit to find out which vehicle travels the farthest on one liter of fuel. The average speed of the prototypes must not be inferior to 25 kilometers per hour. Among Spanish teams using internal combustion engines, the UMH vehicle currently holds the record with a mark of 1,455 km per liter of fuel. In last year\u2019s competition, the D\u00e1til finished third among prototypes using ethanol for fuel. With the incorporated improvements, the UMH team hopes to surpass the mark of 2,000 km on a liter of fuel and win its category of ethanol-fueled prototypes.<\/p>\n<p style=\"text-align: justify\">The sponsors of this UMH initiative include the Vice Rectorate for Institutional Relations, the School of Engineering of Elche, SEUR, and the Volund Group.<\/p>\n<p><a href=\"https:\/\/comunicacion.umh.es\/files\/2015\/05\/11-05-15-corte-vicerrectora-coche-datil1.mp3\">Declaraciones vicerrectora de Relaciones Institucionales de la UMH, Mar\u00eda Teresa P\u00e9rez V\u00e1zquez.<\/a><\/p>\n<audio class=\"wp-audio-shortcode\" id=\"audio-85113-4\" preload=\"none\" style=\"width: 100%;\" controls=\"controls\"><source type=\"audio\/mpeg\" src=\"https:\/\/comunicacion.umh.es\/files\/2015\/05\/11-05-15-corte-vicerrectora-coche-datil1.mp3?_=4\" \/><a href=\"https:\/\/comunicacion.umh.es\/files\/2015\/05\/11-05-15-corte-vicerrectora-coche-datil1.mp3\">https:\/\/comunicacion.umh.es\/files\/2015\/05\/11-05-15-corte-vicerrectora-coche-datil1.mp3<\/a><\/audio>\n<p><a href=\"https:\/\/comunicacion.umh.es\/files\/2015\/05\/11-05-15-corte-Oliva-coche-datil.mp3\">Declaraciones del profesor de Ingenier\u00eda Mec\u00e1nica de la UMH Miguel \u00c1ngel Oliva.<\/a><\/p>\n<audio class=\"wp-audio-shortcode\" id=\"audio-85113-5\" preload=\"none\" style=\"width: 100%;\" controls=\"controls\"><source type=\"audio\/mpeg\" src=\"https:\/\/comunicacion.umh.es\/files\/2015\/05\/11-05-15-corte-Oliva-coche-datil.mp3?_=5\" \/><a href=\"https:\/\/comunicacion.umh.es\/files\/2015\/05\/11-05-15-corte-Oliva-coche-datil.mp3\">https:\/\/comunicacion.umh.es\/files\/2015\/05\/11-05-15-corte-Oliva-coche-datil.mp3<\/a><\/audio>\n<p><a href=\"https:\/\/comunicacion.umh.es\/files\/2015\/05\/11-05-15-corte-estudiante-coche-datil.mp3\">Declaraciones de estudiante del Grado en Ingenier\u00eda Mec\u00e1nica de la UMH Javier Mart\u00ednez.<\/a><\/p>\n<audio class=\"wp-audio-shortcode\" id=\"audio-85113-6\" preload=\"none\" style=\"width: 100%;\" controls=\"controls\"><source type=\"audio\/mpeg\" src=\"https:\/\/comunicacion.umh.es\/files\/2015\/05\/11-05-15-corte-estudiante-coche-datil.mp3?_=6\" \/><a href=\"https:\/\/comunicacion.umh.es\/files\/2015\/05\/11-05-15-corte-estudiante-coche-datil.mp3\">https:\/\/comunicacion.umh.es\/files\/2015\/05\/11-05-15-corte-estudiante-coche-datil.mp3<\/a><\/audio>\n<p><!-- index.php -->\n<div\n\tclass=\"ngg-galleryoverview ngg-ajax-pagination-none\"\n\tid=\"ngg-gallery-1171c0bc97e31925d231ddb802ddb5a1-1\">\n\n    \t<div class=\"slideshowlink\">\n        <a href='https:\/\/comunicacion.umh.es\/en\/2015\/05\/11\/estudiantes-presentan-el-datil15-un-vehiculo-de-bajo-consumo-con-el-que-participaran-en-la-shell-eco-marathon\/nggallery\/slideshow'>[Mostrar como pase de diapositivas]<\/a>\n\t\t\n\t<\/div>\n\t\t\t<!-- Thumbnails -->\n\t\t\t\t<div id=\"ngg-image-0\" class=\"ngg-gallery-thumbnail-box\" >\n\t\t\t\t        <div class=\"ngg-gallery-thumbnail\">\n            <a href=\"https:\/\/comunicacion.umh.es\/wp-content\/blogs.dir\/84\/files\/11-05-15-coche-datil\/img_6430.jpg\"\n               title=\"\"\n               data-src=\"https:\/\/comunicacion.umh.es\/wp-content\/blogs.dir\/84\/files\/11-05-15-coche-datil\/img_6430.jpg\"\n               data-thumbnail=\"https:\/\/comunicacion.umh.es\/wp-content\/blogs.dir\/84\/files\/11-05-15-coche-datil\/thumbs\/thumbs_img_6430.jpg\"\n               data-image-id=\"5152\"\n               data-title=\"img_6430\"\n               data-description=\"\"\n               data-image-slug=\"img_6430\"\n               class=\"ngg-fancybox\" rel=\"1171c0bc97e31925d231ddb802ddb5a1\">\n                <img\n                    title=\"img_6430\"\n                    alt=\"img_6430\"\n                    src=\"https:\/\/comunicacion.umh.es\/wp-content\/blogs.dir\/84\/files\/11-05-15-coche-datil\/thumbs\/thumbs_img_6430.jpg\"\n                    width=\"100\"\n                    height=\"75\"\n                    style=\"max-width:100%;\"\n                \/>\n            <\/a>\n        <\/div>\n\t\t\t\t\t\t\t<\/div> \n\t\t\t\n        \n\t\t\t\t<div id=\"ngg-image-1\" class=\"ngg-gallery-thumbnail-box\" >\n\t\t\t\t        <div class=\"ngg-gallery-thumbnail\">\n            <a href=\"https:\/\/comunicacion.umh.es\/wp-content\/blogs.dir\/84\/files\/11-05-15-coche-datil\/img_6456.jpg\"\n               title=\"\"\n               data-src=\"https:\/\/comunicacion.umh.es\/wp-content\/blogs.dir\/84\/files\/11-05-15-coche-datil\/img_6456.jpg\"\n               data-thumbnail=\"https:\/\/comunicacion.umh.es\/wp-content\/blogs.dir\/84\/files\/11-05-15-coche-datil\/thumbs\/thumbs_img_6456.jpg\"\n               data-image-id=\"5153\"\n               data-title=\"img_6456\"\n               data-description=\"\"\n               data-image-slug=\"img_6456\"\n               class=\"ngg-fancybox\" rel=\"1171c0bc97e31925d231ddb802ddb5a1\">\n                <img\n                    title=\"img_6456\"\n                    alt=\"img_6456\"\n                    src=\"https:\/\/comunicacion.umh.es\/wp-content\/blogs.dir\/84\/files\/11-05-15-coche-datil\/thumbs\/thumbs_img_6456.jpg\"\n                    width=\"100\"\n                    height=\"75\"\n                    style=\"max-width:100%;\"\n                \/>\n            <\/a>\n        <\/div>\n\t\t\t\t\t\t\t<\/div> \n\t\t\t\n        \n\t\t\t\t<div id=\"ngg-image-2\" class=\"ngg-gallery-thumbnail-box\" >\n\t\t\t\t        <div class=\"ngg-gallery-thumbnail\">\n            <a href=\"https:\/\/comunicacion.umh.es\/wp-content\/blogs.dir\/84\/files\/11-05-15-coche-datil\/img_6460.jpg\"\n               title=\"\"\n               data-src=\"https:\/\/comunicacion.umh.es\/wp-content\/blogs.dir\/84\/files\/11-05-15-coche-datil\/img_6460.jpg\"\n               data-thumbnail=\"https:\/\/comunicacion.umh.es\/wp-content\/blogs.dir\/84\/files\/11-05-15-coche-datil\/thumbs\/thumbs_img_6460.jpg\"\n               data-image-id=\"5154\"\n               data-title=\"img_6460\"\n               data-description=\"\"\n               data-image-slug=\"img_6460\"\n               class=\"ngg-fancybox\" rel=\"1171c0bc97e31925d231ddb802ddb5a1\">\n                <img\n                    title=\"img_6460\"\n                    alt=\"img_6460\"\n                    src=\"https:\/\/comunicacion.umh.es\/wp-content\/blogs.dir\/84\/files\/11-05-15-coche-datil\/thumbs\/thumbs_img_6460.jpg\"\n                    width=\"100\"\n                    height=\"75\"\n                    style=\"max-width:100%;\"\n                \/>\n            <\/a>\n        <\/div>\n\t\t\t\t\t\t\t<\/div> \n\t\t\t\n        \n\t\t\t\t<div id=\"ngg-image-3\" class=\"ngg-gallery-thumbnail-box\" >\n\t\t\t\t        <div class=\"ngg-gallery-thumbnail\">\n            <a href=\"https:\/\/comunicacion.umh.es\/wp-content\/blogs.dir\/84\/files\/11-05-15-coche-datil\/img_6472.jpg\"\n               title=\"\"\n               data-src=\"https:\/\/comunicacion.umh.es\/wp-content\/blogs.dir\/84\/files\/11-05-15-coche-datil\/img_6472.jpg\"\n               data-thumbnail=\"https:\/\/comunicacion.umh.es\/wp-content\/blogs.dir\/84\/files\/11-05-15-coche-datil\/thumbs\/thumbs_img_6472.jpg\"\n               data-image-id=\"5155\"\n               data-title=\"img_6472\"\n               data-description=\"\"\n               data-image-slug=\"img_6472\"\n               class=\"ngg-fancybox\" rel=\"1171c0bc97e31925d231ddb802ddb5a1\">\n                <img\n                    title=\"img_6472\"\n                    alt=\"img_6472\"\n                    src=\"https:\/\/comunicacion.umh.es\/wp-content\/blogs.dir\/84\/files\/11-05-15-coche-datil\/thumbs\/thumbs_img_6472.jpg\"\n                    width=\"100\"\n                    height=\"75\"\n                    style=\"max-width:100%;\"\n                \/>\n            <\/a>\n        <\/div>\n\t\t\t\t\t\t\t<\/div> \n\t\t\t\n        \n\t\t\t\t<div id=\"ngg-image-4\" class=\"ngg-gallery-thumbnail-box\" >\n\t\t\t\t        <div class=\"ngg-gallery-thumbnail\">\n            <a href=\"https:\/\/comunicacion.umh.es\/wp-content\/blogs.dir\/84\/files\/11-05-15-coche-datil\/img_6474.jpg\"\n               title=\"\"\n               data-src=\"https:\/\/comunicacion.umh.es\/wp-content\/blogs.dir\/84\/files\/11-05-15-coche-datil\/img_6474.jpg\"\n               data-thumbnail=\"https:\/\/comunicacion.umh.es\/wp-content\/blogs.dir\/84\/files\/11-05-15-coche-datil\/thumbs\/thumbs_img_6474.jpg\"\n               data-image-id=\"5156\"\n               data-title=\"img_6474\"\n               data-description=\"\"\n               data-image-slug=\"img_6474-2\"\n               class=\"ngg-fancybox\" rel=\"1171c0bc97e31925d231ddb802ddb5a1\">\n                <img\n                    title=\"img_6474\"\n                    alt=\"img_6474\"\n                    src=\"https:\/\/comunicacion.umh.es\/wp-content\/blogs.dir\/84\/files\/11-05-15-coche-datil\/thumbs\/thumbs_img_6474.jpg\"\n                    width=\"100\"\n                    height=\"75\"\n                    style=\"max-width:100%;\"\n                \/>\n            <\/a>\n        <\/div>\n\t\t\t\t\t\t\t<\/div> \n\t\t\t\n        \n\t\t\t\t<div id=\"ngg-image-5\" class=\"ngg-gallery-thumbnail-box\" >\n\t\t\t\t        <div class=\"ngg-gallery-thumbnail\">\n            <a href=\"https:\/\/comunicacion.umh.es\/wp-content\/blogs.dir\/84\/files\/11-05-15-coche-datil\/img_6484.jpg\"\n               title=\"\"\n               data-src=\"https:\/\/comunicacion.umh.es\/wp-content\/blogs.dir\/84\/files\/11-05-15-coche-datil\/img_6484.jpg\"\n               data-thumbnail=\"https:\/\/comunicacion.umh.es\/wp-content\/blogs.dir\/84\/files\/11-05-15-coche-datil\/thumbs\/thumbs_img_6484.jpg\"\n               data-image-id=\"5157\"\n               data-title=\"img_6484\"\n               data-description=\"\"\n               data-image-slug=\"img_6484-2\"\n               class=\"ngg-fancybox\" rel=\"1171c0bc97e31925d231ddb802ddb5a1\">\n                <img\n                    title=\"img_6484\"\n                    alt=\"img_6484\"\n                    src=\"https:\/\/comunicacion.umh.es\/wp-content\/blogs.dir\/84\/files\/11-05-15-coche-datil\/thumbs\/thumbs_img_6484.jpg\"\n                    width=\"100\"\n                    height=\"75\"\n                    style=\"max-width:100%;\"\n                \/>\n            <\/a>\n        <\/div>\n\t\t\t\t\t\t\t<\/div> \n\t\t\t\n        \n\t\t\t\t<div id=\"ngg-image-6\" class=\"ngg-gallery-thumbnail-box\" >\n\t\t\t\t        <div class=\"ngg-gallery-thumbnail\">\n            <a href=\"https:\/\/comunicacion.umh.es\/wp-content\/blogs.dir\/84\/files\/11-05-15-coche-datil\/img_6486.jpg\"\n               title=\"\"\n               data-src=\"https:\/\/comunicacion.umh.es\/wp-content\/blogs.dir\/84\/files\/11-05-15-coche-datil\/img_6486.jpg\"\n               data-thumbnail=\"https:\/\/comunicacion.umh.es\/wp-content\/blogs.dir\/84\/files\/11-05-15-coche-datil\/thumbs\/thumbs_img_6486.jpg\"\n               data-image-id=\"5158\"\n               data-title=\"img_6486\"\n               data-description=\"\"\n               data-image-slug=\"img_6486\"\n               class=\"ngg-fancybox\" rel=\"1171c0bc97e31925d231ddb802ddb5a1\">\n                <img\n                    title=\"img_6486\"\n                    alt=\"img_6486\"\n                    src=\"https:\/\/comunicacion.umh.es\/wp-content\/blogs.dir\/84\/files\/11-05-15-coche-datil\/thumbs\/thumbs_img_6486.jpg\"\n                    width=\"100\"\n                    height=\"75\"\n                    style=\"max-width:100%;\"\n                \/>\n            <\/a>\n        <\/div>\n\t\t\t\t\t\t\t<\/div> \n\t\t\t\n        \n\t\t\n\t\t<!-- Pagination -->\n\t<div class='ngg-clear'><\/div>\t<\/div>\n<\/p>","protected":false},"excerpt":{"rendered":"<p>The Miguel Hern\u00e1ndez University of Elche (UMH) presented \u00a0the D\u00e1til \u00b415, an energy efficient vehicle that a group of students from the School of Engineering of Elche (EPSE) will use to participate in the international Shell Eco-marathon competition to be held May 22-24 on an urban circuit in the city of Rotterdam, the Netherlands. This [&#8230;]<\/p>\n","protected":false},"author":2693,"featured_media":0,"comment_status":"closed","ping_status":"open","sticky":false,"template":"","format":"standard","meta":{"ngg_post_thumbnail":0,"_links_to":"","_links_to_target":""},"categories":[770,69,2789,2782,191,43,2781,2777,1],"tags":[],"_links":{"self":[{"href":"https:\/\/comunicacion.umh.es\/en\/wp-json\/wp\/v2\/posts\/85113"}],"collection":[{"href":"https:\/\/comunicacion.umh.es\/en\/wp-json\/wp\/v2\/posts"}],"about":[{"href":"https:\/\/comunicacion.umh.es\/en\/wp-json\/wp\/v2\/types\/post"}],"author":[{"embeddable":true,"href":"https:\/\/comunicacion.umh.es\/en\/wp-json\/wp\/v2\/users\/2693"}],"replies":[{"embeddable":true,"href":"https:\/\/comunicacion.umh.es\/en\/wp-json\/wp\/v2\/comments?post=85113"}],"version-history":[{"count":0,"href":"https:\/\/comunicacion.umh.es\/en\/wp-json\/wp\/v2\/posts\/85113\/revisions"}],"wp:attachment":[{"href":"https:\/\/comunicacion.umh.es\/en\/wp-json\/wp\/v2\/media?parent=85113"}],"wp:term":[{"taxonomy":"category","embeddable":true,"href":"https:\/\/comunicacion.umh.es\/en\/wp-json\/wp\/v2\/categories?post=85113"},{"taxonomy":"post_tag","embeddable":true,"href":"https:\/\/comunicacion.umh.es\/en\/wp-json\/wp\/v2\/tags?post=85113"}],"curies":[{"name":"wp","href":"https:\/\/api.w.org\/{rel}","templated":true}]}}