{"id":86342,"date":"2015-10-01T09:00:37","date_gmt":"2015-10-01T07:00:37","guid":{"rendered":"http:\/\/comunicacion.umh.es\/?p=86342"},"modified":"2015-10-01T10:21:26","modified_gmt":"2015-10-01T08:21:26","slug":"xv-reunion-nacional-de-profesores-de-ingenieria-mecanica-e-ingeniera-de-vehiculos-2015-en-salamanca","status":"publish","type":"post","link":"https:\/\/comunicacion.umh.es\/en\/2015\/10\/01\/xv-reunion-nacional-de-profesores-de-ingenieria-mecanica-e-ingeniera-de-vehiculos-2015-en-salamanca\/","title":{"rendered":"<span lang=\"es\">(Espa\u00f1ol) XV Reuni\u00f3n Nacional de Profesores de Ingenier\u00eda Mec\u00e1nica e Ingeniera de Veh\u00edculos 2015 en Salamanca<\/span>"},"content":{"rendered":"<p class=\"qtranxs-available-languages-message qtranxs-available-languages-message-en\">Sorry, this entry is only available in <a href=\"https:\/\/comunicacion.umh.es\/es\/wp-json\/wp\/v2\/posts\/86342\" class=\"qtranxs-available-language-link qtranxs-available-language-link-es\" title=\"Espa\u00f1ol\">European Spanish<\/a>.<\/p>","protected":false},"excerpt":{"rendered":"<p>Sorry, this entry is only available in European Spanish.<\/p>\n","protected":false},"author":2693,"featured_media":0,"comment_status":"closed","ping_status":"open","sticky":false,"template":"","format":"standard","meta":{"ngg_post_thumbnail":0,"_links_to":"","_links_to_target":""},"categories":[770,69,2782,2790,43],"tags":[],"_links":{"self":[{"href":"https:\/\/comunicacion.umh.es\/en\/wp-json\/wp\/v2\/posts\/86342"}],"collection":[{"href":"https:\/\/comunicacion.umh.es\/en\/wp-json\/wp\/v2\/posts"}],"about":[{"href":"https:\/\/comunicacion.umh.es\/en\/wp-json\/wp\/v2\/types\/post"}],"author":[{"embeddable":true,"href":"https:\/\/comunicacion.umh.es\/en\/wp-json\/wp\/v2\/users\/2693"}],"replies":[{"embeddable":true,"href":"https:\/\/comunicacion.umh.es\/en\/wp-json\/wp\/v2\/comments?post=86342"}],"version-history":[{"count":0,"href":"https:\/\/comunicacion.umh.es\/en\/wp-json\/wp\/v2\/posts\/86342\/revisions"}],"wp:attachment":[{"href":"https:\/\/comunicacion.umh.es\/en\/wp-json\/wp\/v2\/media?parent=86342"}],"wp:term":[{"taxonomy":"category","embeddable":true,"href":"https:\/\/comunicacion.umh.es\/en\/wp-json\/wp\/v2\/categories?post=86342"},{"taxonomy":"post_tag","embeddable":true,"href":"https:\/\/comunicacion.umh.es\/en\/wp-json\/wp\/v2\/tags?post=86342"}],"curies":[{"name":"wp","href":"https:\/\/api.w.org\/{rel}","templated":true}]}}