{"id":86439,"date":"2015-10-08T12:17:51","date_gmt":"2015-10-08T10:17:51","guid":{"rendered":"http:\/\/comunicacion.umh.es\/?p=86439"},"modified":"2015-10-08T13:18:07","modified_gmt":"2015-10-08T11:18:07","slug":"el-profesor-de-la-umh-juan-antonio-moreno-participa-en-el-congreso-internacional-de-la-asociacion-espanola-de-tecnicos-de-natacion","status":"publish","type":"post","link":"https:\/\/comunicacion.umh.es\/en\/2015\/10\/08\/el-profesor-de-la-umh-juan-antonio-moreno-participa-en-el-congreso-internacional-de-la-asociacion-espanola-de-tecnicos-de-natacion\/","title":{"rendered":"<span lang=\"es\">(Espa\u00f1ol) El profesor Juan Antonio Moreno participa en el Congreso Internacional de la Asociaci\u00f3n Espa\u00f1ola de T\u00e9cnicos de Nataci\u00f3n<\/span>"},"content":{"rendered":"<p class=\"qtranxs-available-languages-message qtranxs-available-languages-message-en\">Sorry, this entry is only available in <a href=\"https:\/\/comunicacion.umh.es\/es\/wp-json\/wp\/v2\/posts\/86439\" class=\"qtranxs-available-language-link qtranxs-available-language-link-es\" title=\"Espa\u00f1ol\">European Spanish<\/a>.<\/p>","protected":false},"excerpt":{"rendered":"<p>Sorry, this entry is only available in European Spanish.<\/p>\n","protected":false},"author":3235,"featured_media":0,"comment_status":"closed","ping_status":"open","sticky":false,"template":"","format":"standard","meta":{"ngg_post_thumbnail":0,"_links_to":"","_links_to_target":""},"categories":[794,69,43,2778,394,2918],"tags":[],"_links":{"self":[{"href":"https:\/\/comunicacion.umh.es\/en\/wp-json\/wp\/v2\/posts\/86439"}],"collection":[{"href":"https:\/\/comunicacion.umh.es\/en\/wp-json\/wp\/v2\/posts"}],"about":[{"href":"https:\/\/comunicacion.umh.es\/en\/wp-json\/wp\/v2\/types\/post"}],"author":[{"embeddable":true,"href":"https:\/\/comunicacion.umh.es\/en\/wp-json\/wp\/v2\/users\/3235"}],"replies":[{"embeddable":true,"href":"https:\/\/comunicacion.umh.es\/en\/wp-json\/wp\/v2\/comments?post=86439"}],"version-history":[{"count":0,"href":"https:\/\/comunicacion.umh.es\/en\/wp-json\/wp\/v2\/posts\/86439\/revisions"}],"wp:attachment":[{"href":"https:\/\/comunicacion.umh.es\/en\/wp-json\/wp\/v2\/media?parent=86439"}],"wp:term":[{"taxonomy":"category","embeddable":true,"href":"https:\/\/comunicacion.umh.es\/en\/wp-json\/wp\/v2\/categories?post=86439"},{"taxonomy":"post_tag","embeddable":true,"href":"https:\/\/comunicacion.umh.es\/en\/wp-json\/wp\/v2\/tags?post=86439"}],"curies":[{"name":"wp","href":"https:\/\/api.w.org\/{rel}","templated":true}]}}