{"id":88044,"date":"2016-01-14T10:23:44","date_gmt":"2016-01-14T09:23:44","guid":{"rendered":"http:\/\/comunicacion.umh.es\/?p=88044"},"modified":"2016-01-14T10:23:44","modified_gmt":"2016-01-14T09:23:44","slug":"la-nau-de-la-innovacio-organiza-un-taller-sobre-como-proteger-legalmente-las-ideas-y-las-claves-de-la-propiedad-industrial-e-intelectual","status":"publish","type":"post","link":"https:\/\/comunicacion.umh.es\/en\/2016\/01\/14\/la-nau-de-la-innovacio-organiza-un-taller-sobre-como-proteger-legalmente-las-ideas-y-las-claves-de-la-propiedad-industrial-e-intelectual\/","title":{"rendered":"<span lang=\"es\">(Espa\u00f1ol) La Nau de la Innovaci\u00f3 organiza un taller sobre c\u00f3mo proteger legalmente las ideas y las claves de la propiedad industrial e intelectual<\/span>"},"content":{"rendered":"<p class=\"qtranxs-available-languages-message qtranxs-available-languages-message-en\">Sorry, this entry is only available in <a href=\"https:\/\/comunicacion.umh.es\/es\/wp-json\/wp\/v2\/posts\/88044\" class=\"qtranxs-available-language-link qtranxs-available-language-link-es\" title=\"Espa\u00f1ol\">European Spanish<\/a>.<\/p>","protected":false},"excerpt":{"rendered":"<p>Sorry, this entry is only available in European Spanish.<\/p>\n","protected":false},"author":2693,"featured_media":0,"comment_status":"closed","ping_status":"open","sticky":false,"template":"","format":"standard","meta":{"ngg_post_thumbnail":0,"_links_to":"","_links_to_target":""},"categories":[770,69,2782,2790,43],"tags":[],"_links":{"self":[{"href":"https:\/\/comunicacion.umh.es\/en\/wp-json\/wp\/v2\/posts\/88044"}],"collection":[{"href":"https:\/\/comunicacion.umh.es\/en\/wp-json\/wp\/v2\/posts"}],"about":[{"href":"https:\/\/comunicacion.umh.es\/en\/wp-json\/wp\/v2\/types\/post"}],"author":[{"embeddable":true,"href":"https:\/\/comunicacion.umh.es\/en\/wp-json\/wp\/v2\/users\/2693"}],"replies":[{"embeddable":true,"href":"https:\/\/comunicacion.umh.es\/en\/wp-json\/wp\/v2\/comments?post=88044"}],"version-history":[{"count":0,"href":"https:\/\/comunicacion.umh.es\/en\/wp-json\/wp\/v2\/posts\/88044\/revisions"}],"wp:attachment":[{"href":"https:\/\/comunicacion.umh.es\/en\/wp-json\/wp\/v2\/media?parent=88044"}],"wp:term":[{"taxonomy":"category","embeddable":true,"href":"https:\/\/comunicacion.umh.es\/en\/wp-json\/wp\/v2\/categories?post=88044"},{"taxonomy":"post_tag","embeddable":true,"href":"https:\/\/comunicacion.umh.es\/en\/wp-json\/wp\/v2\/tags?post=88044"}],"curies":[{"name":"wp","href":"https:\/\/api.w.org\/{rel}","templated":true}]}}