{"id":90255,"date":"2016-04-26T10:30:46","date_gmt":"2016-04-26T08:30:46","guid":{"rendered":"http:\/\/comunicacion.umh.es\/?p=90255"},"modified":"2016-04-26T14:11:32","modified_gmt":"2016-04-26T12:11:32","slug":"la-sociedad-americana-de-optica-selecciona-un-articulo-de-la-umh-entre-los-mas-destacados-de-sus-revistas","status":"publish","type":"post","link":"https:\/\/comunicacion.umh.es\/en\/2016\/04\/26\/la-sociedad-americana-de-optica-selecciona-un-articulo-de-la-umh-entre-los-mas-destacados-de-sus-revistas\/","title":{"rendered":"<span lang=\"es\">(Espa\u00f1ol) La Sociedad Americana de Optica selecciona un art\u00edculo de la UMH entre los m\u00e1s destacados de sus revistas<\/span>"},"content":{"rendered":"<p class=\"qtranxs-available-languages-message qtranxs-available-languages-message-en\">Sorry, this entry is only available in <a href=\"https:\/\/comunicacion.umh.es\/es\/wp-json\/wp\/v2\/posts\/90255\" class=\"qtranxs-available-language-link qtranxs-available-language-link-es\" title=\"Espa\u00f1ol\">European Spanish<\/a>.<\/p>","protected":false},"excerpt":{"rendered":"<p>Sorry, this entry is only available in European Spanish.<\/p>\n","protected":false},"author":3510,"featured_media":0,"comment_status":"closed","ping_status":"open","sticky":false,"template":"","format":"standard","meta":{"ngg_post_thumbnail":0,"_links_to":"","_links_to_target":""},"categories":[770,69,2782,191,2786,2790,43,2796,2787],"tags":[],"_links":{"self":[{"href":"https:\/\/comunicacion.umh.es\/en\/wp-json\/wp\/v2\/posts\/90255"}],"collection":[{"href":"https:\/\/comunicacion.umh.es\/en\/wp-json\/wp\/v2\/posts"}],"about":[{"href":"https:\/\/comunicacion.umh.es\/en\/wp-json\/wp\/v2\/types\/post"}],"author":[{"embeddable":true,"href":"https:\/\/comunicacion.umh.es\/en\/wp-json\/wp\/v2\/users\/3510"}],"replies":[{"embeddable":true,"href":"https:\/\/comunicacion.umh.es\/en\/wp-json\/wp\/v2\/comments?post=90255"}],"version-history":[{"count":0,"href":"https:\/\/comunicacion.umh.es\/en\/wp-json\/wp\/v2\/posts\/90255\/revisions"}],"wp:attachment":[{"href":"https:\/\/comunicacion.umh.es\/en\/wp-json\/wp\/v2\/media?parent=90255"}],"wp:term":[{"taxonomy":"category","embeddable":true,"href":"https:\/\/comunicacion.umh.es\/en\/wp-json\/wp\/v2\/categories?post=90255"},{"taxonomy":"post_tag","embeddable":true,"href":"https:\/\/comunicacion.umh.es\/en\/wp-json\/wp\/v2\/tags?post=90255"}],"curies":[{"name":"wp","href":"https:\/\/api.w.org\/{rel}","templated":true}]}}