{"id":90332,"date":"2016-04-28T10:00:00","date_gmt":"2016-04-28T08:00:00","guid":{"rendered":"http:\/\/comunicacion.umh.es\/?p=90332"},"modified":"2016-04-28T11:51:52","modified_gmt":"2016-04-28T09:51:52","slug":"seminario-sobre-nuevos-mecanismos-de-regulacion-de-la-arborizacion-axonal-y-la-especificidad-sinaptica-en-el-snc","status":"publish","type":"post","link":"https:\/\/comunicacion.umh.es\/en\/2016\/04\/28\/seminario-sobre-nuevos-mecanismos-de-regulacion-de-la-arborizacion-axonal-y-la-especificidad-sinaptica-en-el-snc\/","title":{"rendered":"<span lang=\"es\">(Espa\u00f1ol) Conferencia sobre nuevos mecanismos de regulaci\u00f3n de la arborizaci\u00f3n axonal y la especificidad sin\u00e1ptica en el SNC<\/span>"},"content":{"rendered":"<p class=\"qtranxs-available-languages-message qtranxs-available-languages-message-en\">Sorry, this entry is only available in <a href=\"https:\/\/comunicacion.umh.es\/es\/wp-json\/wp\/v2\/posts\/90332\" class=\"qtranxs-available-language-link qtranxs-available-language-link-es\" title=\"Espa\u00f1ol\">European Spanish<\/a>.<\/p>","protected":false},"excerpt":{"rendered":"<p>Sorry, this entry is only available in European Spanish.<\/p>\n","protected":false},"author":3510,"featured_media":0,"comment_status":"closed","ping_status":"open","sticky":false,"template":"","format":"standard","meta":{"ngg_post_thumbnail":0,"_links_to":"","_links_to_target":""},"categories":[770,2782,191,2786,2790,43,2796,2918,2787],"tags":[],"_links":{"self":[{"href":"https:\/\/comunicacion.umh.es\/en\/wp-json\/wp\/v2\/posts\/90332"}],"collection":[{"href":"https:\/\/comunicacion.umh.es\/en\/wp-json\/wp\/v2\/posts"}],"about":[{"href":"https:\/\/comunicacion.umh.es\/en\/wp-json\/wp\/v2\/types\/post"}],"author":[{"embeddable":true,"href":"https:\/\/comunicacion.umh.es\/en\/wp-json\/wp\/v2\/users\/3510"}],"replies":[{"embeddable":true,"href":"https:\/\/comunicacion.umh.es\/en\/wp-json\/wp\/v2\/comments?post=90332"}],"version-history":[{"count":0,"href":"https:\/\/comunicacion.umh.es\/en\/wp-json\/wp\/v2\/posts\/90332\/revisions"}],"wp:attachment":[{"href":"https:\/\/comunicacion.umh.es\/en\/wp-json\/wp\/v2\/media?parent=90332"}],"wp:term":[{"taxonomy":"category","embeddable":true,"href":"https:\/\/comunicacion.umh.es\/en\/wp-json\/wp\/v2\/categories?post=90332"},{"taxonomy":"post_tag","embeddable":true,"href":"https:\/\/comunicacion.umh.es\/en\/wp-json\/wp\/v2\/tags?post=90332"}],"curies":[{"name":"wp","href":"https:\/\/api.w.org\/{rel}","templated":true}]}}