{"id":91016,"date":"2016-06-02T11:44:43","date_gmt":"2016-06-02T09:44:43","guid":{"rendered":"http:\/\/comunicacion.umh.es\/?p=91016"},"modified":"2016-06-03T12:09:31","modified_gmt":"2016-06-03T10:09:31","slug":"estudiantes-asistiran-a-los-peregrinos-del-camino-de-santiago-en-ponferrada-astorga-y-villadangos-del-paramo","status":"publish","type":"post","link":"https:\/\/comunicacion.umh.es\/en\/2016\/06\/02\/estudiantes-asistiran-a-los-peregrinos-del-camino-de-santiago-en-ponferrada-astorga-y-villadangos-del-paramo\/","title":{"rendered":"<span lang=\"es\">(Espa\u00f1ol) Estudiantes asistir\u00e1n a los peregrinos del Camino de Santiago en Ponferrada, Astorga y Villadangos del P\u00e1ramo<\/span>"},"content":{"rendered":"<p><!--more-->\u00a0<\/br>\u00a0<\/br>\u00a0<\/br><br \/>\n<audio class=\"wp-audio-shortcode\" id=\"audio-91016-3\" preload=\"none\" style=\"width: 100%;\" controls=\"controls\"><source type=\"audio\/mpeg\" src=\"https:\/\/comunicacion.umh.es\/files\/2016\/06\/020616-MARIA-TERESA-FIRMA-PONFERRADA.mp3?_=3\" \/><source type=\"\" src=\"http:\/\/(((URL%20de%20AUDIO)))?_=3\" \/><a href=\"https:\/\/comunicacion.umh.es\/files\/2016\/06\/020616-MARIA-TERESA-FIRMA-PONFERRADA.mp3\">https:\/\/comunicacion.umh.es\/files\/2016\/06\/020616-MARIA-TERESA-FIRMA-PONFERRADA.mp3<\/a><\/audio><\/p>","protected":false},"excerpt":{"rendered":"<p>[audio:(((URL de AUDIO)))|titles=(((TITULO)))]&nbsp;<\/br>&nbsp;<\/br>&nbsp;<\/br><\/p>\n","protected":false},"author":2693,"featured_media":0,"comment_status":"closed","ping_status":"open","sticky":false,"template":"","format":"standard","meta":{"ngg_post_thumbnail":0,"_links_to":"","_links_to_target":""},"categories":[770,570,69,2782,2783,43],"tags":[],"_links":{"self":[{"href":"https:\/\/comunicacion.umh.es\/en\/wp-json\/wp\/v2\/posts\/91016"}],"collection":[{"href":"https:\/\/comunicacion.umh.es\/en\/wp-json\/wp\/v2\/posts"}],"about":[{"href":"https:\/\/comunicacion.umh.es\/en\/wp-json\/wp\/v2\/types\/post"}],"author":[{"embeddable":true,"href":"https:\/\/comunicacion.umh.es\/en\/wp-json\/wp\/v2\/users\/2693"}],"replies":[{"embeddable":true,"href":"https:\/\/comunicacion.umh.es\/en\/wp-json\/wp\/v2\/comments?post=91016"}],"version-history":[{"count":0,"href":"https:\/\/comunicacion.umh.es\/en\/wp-json\/wp\/v2\/posts\/91016\/revisions"}],"wp:attachment":[{"href":"https:\/\/comunicacion.umh.es\/en\/wp-json\/wp\/v2\/media?parent=91016"}],"wp:term":[{"taxonomy":"category","embeddable":true,"href":"https:\/\/comunicacion.umh.es\/en\/wp-json\/wp\/v2\/categories?post=91016"},{"taxonomy":"post_tag","embeddable":true,"href":"https:\/\/comunicacion.umh.es\/en\/wp-json\/wp\/v2\/tags?post=91016"}],"curies":[{"name":"wp","href":"https:\/\/api.w.org\/{rel}","templated":true}]}}