{"id":91048,"date":"2016-06-03T10:00:05","date_gmt":"2016-06-03T08:00:05","guid":{"rendered":"http:\/\/comunicacion.umh.es\/?p=91048"},"modified":"2016-06-03T11:58:38","modified_gmt":"2016-06-03T09:58:38","slug":"la-umh-participa-en-el-desarrollo-de-un-dispositivo-de-emision-de-luz-cuantica-compatible-con-la-tecnologia-de-comunicaciones-por-fibra-optica","status":"publish","type":"post","link":"https:\/\/comunicacion.umh.es\/en\/2016\/06\/03\/la-umh-participa-en-el-desarrollo-de-un-dispositivo-de-emision-de-luz-cuantica-compatible-con-la-tecnologia-de-comunicaciones-por-fibra-optica\/","title":{"rendered":"<span lang=\"es\">(Espa\u00f1ol) La UMH participa en el desarrollo de un dispositivo de emisi\u00f3n de luz cu\u00e1ntica compatible con la tecnolog\u00eda de comunicaciones por fibra \u00f3ptica<\/span>"},"content":{"rendered":"<p class=\"qtranxs-available-languages-message qtranxs-available-languages-message-en\">Sorry, this entry is only available in <a href=\"https:\/\/comunicacion.umh.es\/es\/wp-json\/wp\/v2\/posts\/91048\" class=\"qtranxs-available-language-link qtranxs-available-language-link-es\" title=\"Espa\u00f1ol\">European Spanish<\/a>.<\/p>","protected":false},"excerpt":{"rendered":"<p>Sorry, this entry is only available in European Spanish.<\/p>\n","protected":false},"author":3510,"featured_media":0,"comment_status":"closed","ping_status":"open","sticky":false,"template":"","format":"standard","meta":{"ngg_post_thumbnail":0,"_links_to":"","_links_to_target":""},"categories":[770,69,2782,191,2786,43,2796],"tags":[],"_links":{"self":[{"href":"https:\/\/comunicacion.umh.es\/en\/wp-json\/wp\/v2\/posts\/91048"}],"collection":[{"href":"https:\/\/comunicacion.umh.es\/en\/wp-json\/wp\/v2\/posts"}],"about":[{"href":"https:\/\/comunicacion.umh.es\/en\/wp-json\/wp\/v2\/types\/post"}],"author":[{"embeddable":true,"href":"https:\/\/comunicacion.umh.es\/en\/wp-json\/wp\/v2\/users\/3510"}],"replies":[{"embeddable":true,"href":"https:\/\/comunicacion.umh.es\/en\/wp-json\/wp\/v2\/comments?post=91048"}],"version-history":[{"count":0,"href":"https:\/\/comunicacion.umh.es\/en\/wp-json\/wp\/v2\/posts\/91048\/revisions"}],"wp:attachment":[{"href":"https:\/\/comunicacion.umh.es\/en\/wp-json\/wp\/v2\/media?parent=91048"}],"wp:term":[{"taxonomy":"category","embeddable":true,"href":"https:\/\/comunicacion.umh.es\/en\/wp-json\/wp\/v2\/categories?post=91048"},{"taxonomy":"post_tag","embeddable":true,"href":"https:\/\/comunicacion.umh.es\/en\/wp-json\/wp\/v2\/tags?post=91048"}],"curies":[{"name":"wp","href":"https:\/\/api.w.org\/{rel}","templated":true}]}}