{"id":91344,"date":"2016-06-17T12:35:46","date_gmt":"2016-06-17T10:35:46","guid":{"rendered":"http:\/\/comunicacion.umh.es\/?p=91344"},"modified":"2016-06-17T13:20:34","modified_gmt":"2016-06-17T11:20:34","slug":"el-profesor-raul-reina-premio-juan-palau-de-las-letras-de-la-federacion-espanola-de-deportes-para-personas-con-discapacidad-fisica","status":"publish","type":"post","link":"https:\/\/comunicacion.umh.es\/en\/2016\/06\/17\/el-profesor-raul-reina-premio-juan-palau-de-las-letras-de-la-federacion-espanola-de-deportes-para-personas-con-discapacidad-fisica\/","title":{"rendered":"<span lang=\"es\">(Espa\u00f1ol) El profesor Ra\u00fal Reina, Premio Juan Palau de las Letras de la Federaci\u00f3n Espa\u00f1ola de Deportes para Personas con Discapacidad F\u00edsica<\/span>"},"content":{"rendered":"<p class=\"qtranxs-available-languages-message qtranxs-available-languages-message-en\">Sorry, this entry is only available in <a href=\"https:\/\/comunicacion.umh.es\/es\/wp-json\/wp\/v2\/posts\/91344\" class=\"qtranxs-available-language-link qtranxs-available-language-link-es\" title=\"Espa\u00f1ol\">European Spanish<\/a>.<\/p>","protected":false},"excerpt":{"rendered":"<p>Sorry, this entry is only available in European Spanish.<\/p>\n","protected":false},"author":3524,"featured_media":0,"comment_status":"closed","ping_status":"open","sticky":false,"template":"","format":"standard","meta":{"ngg_post_thumbnail":0,"_links_to":"","_links_to_target":""},"categories":[770,69,2782,43,2145],"tags":[],"_links":{"self":[{"href":"https:\/\/comunicacion.umh.es\/en\/wp-json\/wp\/v2\/posts\/91344"}],"collection":[{"href":"https:\/\/comunicacion.umh.es\/en\/wp-json\/wp\/v2\/posts"}],"about":[{"href":"https:\/\/comunicacion.umh.es\/en\/wp-json\/wp\/v2\/types\/post"}],"author":[{"embeddable":true,"href":"https:\/\/comunicacion.umh.es\/en\/wp-json\/wp\/v2\/users\/3524"}],"replies":[{"embeddable":true,"href":"https:\/\/comunicacion.umh.es\/en\/wp-json\/wp\/v2\/comments?post=91344"}],"version-history":[{"count":0,"href":"https:\/\/comunicacion.umh.es\/en\/wp-json\/wp\/v2\/posts\/91344\/revisions"}],"wp:attachment":[{"href":"https:\/\/comunicacion.umh.es\/en\/wp-json\/wp\/v2\/media?parent=91344"}],"wp:term":[{"taxonomy":"category","embeddable":true,"href":"https:\/\/comunicacion.umh.es\/en\/wp-json\/wp\/v2\/categories?post=91344"},{"taxonomy":"post_tag","embeddable":true,"href":"https:\/\/comunicacion.umh.es\/en\/wp-json\/wp\/v2\/tags?post=91344"}],"curies":[{"name":"wp","href":"https:\/\/api.w.org\/{rel}","templated":true}]}}