{"id":92220,"date":"2016-09-28T10:19:07","date_gmt":"2016-09-28T08:19:07","guid":{"rendered":"http:\/\/comunicacion.umh.es\/?p=92220"},"modified":"2016-09-28T10:19:07","modified_gmt":"2016-09-28T08:19:07","slug":"el-magistrado-del-tribunal-supremo-jose-ramon-soriano-explicara-los-cambios-en-el-proceso-penal-tras-las-ultimas-reformas","status":"publish","type":"post","link":"https:\/\/comunicacion.umh.es\/en\/2016\/09\/28\/el-magistrado-del-tribunal-supremo-jose-ramon-soriano-explicara-los-cambios-en-el-proceso-penal-tras-las-ultimas-reformas\/","title":{"rendered":"<span lang=\"es\">(Espa\u00f1ol) El magistrado del Tribunal Supremo Jos\u00e9 Ram\u00f3n Soriano explicar\u00e1 los cambios en el proceso penal tras las \u00faltimas reformas<\/span>"},"content":{"rendered":"<p class=\"qtranxs-available-languages-message qtranxs-available-languages-message-en\">Sorry, this entry is only available in <a href=\"https:\/\/comunicacion.umh.es\/es\/wp-json\/wp\/v2\/posts\/92220\" class=\"qtranxs-available-language-link qtranxs-available-language-link-es\" title=\"Espa\u00f1ol\">European Spanish<\/a>.<\/p>","protected":false},"excerpt":{"rendered":"<p>Sorry, this entry is only available in European Spanish.<\/p>\n","protected":false},"author":3620,"featured_media":0,"comment_status":"closed","ping_status":"open","sticky":false,"template":"","format":"standard","meta":{"ngg_post_thumbnail":0,"_links_to":"","_links_to_target":""},"categories":[770,69,2782,2790,43],"tags":[],"_links":{"self":[{"href":"https:\/\/comunicacion.umh.es\/en\/wp-json\/wp\/v2\/posts\/92220"}],"collection":[{"href":"https:\/\/comunicacion.umh.es\/en\/wp-json\/wp\/v2\/posts"}],"about":[{"href":"https:\/\/comunicacion.umh.es\/en\/wp-json\/wp\/v2\/types\/post"}],"author":[{"embeddable":true,"href":"https:\/\/comunicacion.umh.es\/en\/wp-json\/wp\/v2\/users\/3620"}],"replies":[{"embeddable":true,"href":"https:\/\/comunicacion.umh.es\/en\/wp-json\/wp\/v2\/comments?post=92220"}],"version-history":[{"count":0,"href":"https:\/\/comunicacion.umh.es\/en\/wp-json\/wp\/v2\/posts\/92220\/revisions"}],"wp:attachment":[{"href":"https:\/\/comunicacion.umh.es\/en\/wp-json\/wp\/v2\/media?parent=92220"}],"wp:term":[{"taxonomy":"category","embeddable":true,"href":"https:\/\/comunicacion.umh.es\/en\/wp-json\/wp\/v2\/categories?post=92220"},{"taxonomy":"post_tag","embeddable":true,"href":"https:\/\/comunicacion.umh.es\/en\/wp-json\/wp\/v2\/tags?post=92220"}],"curies":[{"name":"wp","href":"https:\/\/api.w.org\/{rel}","templated":true}]}}