{"id":92722,"date":"2016-11-03T11:05:42","date_gmt":"2016-11-03T10:05:42","guid":{"rendered":"http:\/\/comunicacion.umh.es\/?p=92722"},"modified":"2016-11-03T13:21:20","modified_gmt":"2016-11-03T12:21:20","slug":"la-fundacion-ramon-areces-concede-al-profesor-juan-aparicio-una-ayuda-a-la-investigacion-en-ciencias-sociales","status":"publish","type":"post","link":"https:\/\/comunicacion.umh.es\/en\/2016\/11\/03\/la-fundacion-ramon-areces-concede-al-profesor-juan-aparicio-una-ayuda-a-la-investigacion-en-ciencias-sociales\/","title":{"rendered":"<span lang=\"es\">(Espa\u00f1ol) La Fundaci\u00f3n Ram\u00f3n Areces concede al profesor Juan Aparicio una ayuda a la investigaci\u00f3n en Ciencias Sociales<\/span>"},"content":{"rendered":"<p class=\"qtranxs-available-languages-message qtranxs-available-languages-message-en\">Sorry, this entry is only available in <a href=\"https:\/\/comunicacion.umh.es\/es\/wp-json\/wp\/v2\/posts\/92722\" class=\"qtranxs-available-language-link qtranxs-available-language-link-es\" title=\"Espa\u00f1ol\">European Spanish<\/a>.<\/p>","protected":false},"excerpt":{"rendered":"<p>Sorry, this entry is only available in European Spanish.<\/p>\n","protected":false},"author":2693,"featured_media":0,"comment_status":"closed","ping_status":"open","sticky":false,"template":"","format":"standard","meta":{"ngg_post_thumbnail":0,"_links_to":"","_links_to_target":""},"categories":[770,69,2782,2783,191,2786,43,2785],"tags":[],"_links":{"self":[{"href":"https:\/\/comunicacion.umh.es\/en\/wp-json\/wp\/v2\/posts\/92722"}],"collection":[{"href":"https:\/\/comunicacion.umh.es\/en\/wp-json\/wp\/v2\/posts"}],"about":[{"href":"https:\/\/comunicacion.umh.es\/en\/wp-json\/wp\/v2\/types\/post"}],"author":[{"embeddable":true,"href":"https:\/\/comunicacion.umh.es\/en\/wp-json\/wp\/v2\/users\/2693"}],"replies":[{"embeddable":true,"href":"https:\/\/comunicacion.umh.es\/en\/wp-json\/wp\/v2\/comments?post=92722"}],"version-history":[{"count":0,"href":"https:\/\/comunicacion.umh.es\/en\/wp-json\/wp\/v2\/posts\/92722\/revisions"}],"wp:attachment":[{"href":"https:\/\/comunicacion.umh.es\/en\/wp-json\/wp\/v2\/media?parent=92722"}],"wp:term":[{"taxonomy":"category","embeddable":true,"href":"https:\/\/comunicacion.umh.es\/en\/wp-json\/wp\/v2\/categories?post=92722"},{"taxonomy":"post_tag","embeddable":true,"href":"https:\/\/comunicacion.umh.es\/en\/wp-json\/wp\/v2\/tags?post=92722"}],"curies":[{"name":"wp","href":"https:\/\/api.w.org\/{rel}","templated":true}]}}