{"id":92729,"date":"2016-11-04T11:11:21","date_gmt":"2016-11-04T10:11:21","guid":{"rendered":"http:\/\/comunicacion.umh.es\/?p=92729"},"modified":"2016-11-04T11:11:21","modified_gmt":"2016-11-04T10:11:21","slug":"la-umh-participa-en-la-semana-internacional-del-instituto-tecnologico-colegio-mayor-bolivar-en-cartagena-de-indias-de-colombia","status":"publish","type":"post","link":"https:\/\/comunicacion.umh.es\/en\/2016\/11\/04\/la-umh-participa-en-la-semana-internacional-del-instituto-tecnologico-colegio-mayor-bolivar-en-cartagena-de-indias-de-colombia\/","title":{"rendered":"<span lang=\"es\">(Espa\u00f1ol) La UMH participa en la Semana Internacional del Instituto Tecnol\u00f3gico Colegio Mayor Bol\u00edvar en Cartagena de Indias de Colombia<\/span>"},"content":{"rendered":"<p class=\"qtranxs-available-languages-message qtranxs-available-languages-message-en\">Sorry, this entry is only available in <a href=\"https:\/\/comunicacion.umh.es\/es\/wp-json\/wp\/v2\/posts\/92729\" class=\"qtranxs-available-language-link qtranxs-available-language-link-es\" title=\"Espa\u00f1ol\">European Spanish<\/a>.<\/p>","protected":false},"excerpt":{"rendered":"<p>Sorry, this entry is only available in European Spanish.<\/p>\n","protected":false},"author":3524,"featured_media":0,"comment_status":"closed","ping_status":"open","sticky":false,"template":"","format":"standard","meta":{"ngg_post_thumbnail":0,"_links_to":"","_links_to_target":""},"categories":[770,69,2782,2783,2790,43,2785],"tags":[],"_links":{"self":[{"href":"https:\/\/comunicacion.umh.es\/en\/wp-json\/wp\/v2\/posts\/92729"}],"collection":[{"href":"https:\/\/comunicacion.umh.es\/en\/wp-json\/wp\/v2\/posts"}],"about":[{"href":"https:\/\/comunicacion.umh.es\/en\/wp-json\/wp\/v2\/types\/post"}],"author":[{"embeddable":true,"href":"https:\/\/comunicacion.umh.es\/en\/wp-json\/wp\/v2\/users\/3524"}],"replies":[{"embeddable":true,"href":"https:\/\/comunicacion.umh.es\/en\/wp-json\/wp\/v2\/comments?post=92729"}],"version-history":[{"count":0,"href":"https:\/\/comunicacion.umh.es\/en\/wp-json\/wp\/v2\/posts\/92729\/revisions"}],"wp:attachment":[{"href":"https:\/\/comunicacion.umh.es\/en\/wp-json\/wp\/v2\/media?parent=92729"}],"wp:term":[{"taxonomy":"category","embeddable":true,"href":"https:\/\/comunicacion.umh.es\/en\/wp-json\/wp\/v2\/categories?post=92729"},{"taxonomy":"post_tag","embeddable":true,"href":"https:\/\/comunicacion.umh.es\/en\/wp-json\/wp\/v2\/tags?post=92729"}],"curies":[{"name":"wp","href":"https:\/\/api.w.org\/{rel}","templated":true}]}}