{"id":92789,"date":"2016-11-09T11:22:57","date_gmt":"2016-11-09T10:22:57","guid":{"rendered":"http:\/\/comunicacion.umh.es\/?p=92789"},"modified":"2016-11-09T11:22:57","modified_gmt":"2016-11-09T10:22:57","slug":"inauguracion-de-la-exposicion-del-artista-daniel-laskarin-song-for-my-father-en-la-nueva-sala-espacio-de-altea","status":"publish","type":"post","link":"https:\/\/comunicacion.umh.es\/en\/2016\/11\/09\/inauguracion-de-la-exposicion-del-artista-daniel-laskarin-song-for-my-father-en-la-nueva-sala-espacio-de-altea\/","title":{"rendered":"<span lang=\"es\">(Espa\u00f1ol) Inauguraci\u00f3n de la exposici\u00f3n del artista Daniel Laskarin \u201cSong for My Father\u201d en la nueva sala Espaci\u00d8 de Altea<\/span>"},"content":{"rendered":"<p class=\"qtranxs-available-languages-message qtranxs-available-languages-message-en\">Sorry, this entry is only available in <a href=\"https:\/\/comunicacion.umh.es\/es\/wp-json\/wp\/v2\/posts\/92789\" class=\"qtranxs-available-language-link qtranxs-available-language-link-es\" title=\"Espa\u00f1ol\">European Spanish<\/a>.<\/p>","protected":false},"excerpt":{"rendered":"<p>Sorry, this entry is only available in European Spanish.<\/p>\n","protected":false},"author":3524,"featured_media":0,"comment_status":"closed","ping_status":"open","sticky":false,"template":"","format":"standard","meta":{"ngg_post_thumbnail":0,"_links_to":"","_links_to_target":""},"categories":[794,770,87,357,2782,43],"tags":[],"_links":{"self":[{"href":"https:\/\/comunicacion.umh.es\/en\/wp-json\/wp\/v2\/posts\/92789"}],"collection":[{"href":"https:\/\/comunicacion.umh.es\/en\/wp-json\/wp\/v2\/posts"}],"about":[{"href":"https:\/\/comunicacion.umh.es\/en\/wp-json\/wp\/v2\/types\/post"}],"author":[{"embeddable":true,"href":"https:\/\/comunicacion.umh.es\/en\/wp-json\/wp\/v2\/users\/3524"}],"replies":[{"embeddable":true,"href":"https:\/\/comunicacion.umh.es\/en\/wp-json\/wp\/v2\/comments?post=92789"}],"version-history":[{"count":0,"href":"https:\/\/comunicacion.umh.es\/en\/wp-json\/wp\/v2\/posts\/92789\/revisions"}],"wp:attachment":[{"href":"https:\/\/comunicacion.umh.es\/en\/wp-json\/wp\/v2\/media?parent=92789"}],"wp:term":[{"taxonomy":"category","embeddable":true,"href":"https:\/\/comunicacion.umh.es\/en\/wp-json\/wp\/v2\/categories?post=92789"},{"taxonomy":"post_tag","embeddable":true,"href":"https:\/\/comunicacion.umh.es\/en\/wp-json\/wp\/v2\/tags?post=92789"}],"curies":[{"name":"wp","href":"https:\/\/api.w.org\/{rel}","templated":true}]}}