{"id":93034,"date":"2016-11-25T10:12:35","date_gmt":"2016-11-25T09:12:35","guid":{"rendered":"http:\/\/comunicacion.umh.es\/?p=93034"},"modified":"2016-11-25T10:32:25","modified_gmt":"2016-11-25T09:32:25","slug":"el-informativo-de-umh-television-abre-con-las-actividades-de-celebracion-del-dia-internacional-para-la-eliminacion-de-la-violencia-contra-la-mujer","status":"publish","type":"post","link":"https:\/\/comunicacion.umh.es\/en\/2016\/11\/25\/el-informativo-de-umh-television-abre-con-las-actividades-de-celebracion-del-dia-internacional-para-la-eliminacion-de-la-violencia-contra-la-mujer\/","title":{"rendered":"<span lang=\"es\">(Espa\u00f1ol) El informativo de UMH Televisi\u00f3n abre con las actividades de celebraci\u00f3n del D\u00eda Internacional para la eliminaci\u00f3n de la Violencia contra la Mujer<\/span>"},"content":{"rendered":"<p><!--more-->&nbsp;<\/br>&nbsp;<\/br>&nbsp;<\/br><br \/>\n&nbsp;<\/br>&nbsp;<\/br>&nbsp;<\/br><br \/>\n&nbsp;<\/br>&nbsp;<\/br>&nbsp;<\/br><br \/>\n&nbsp;<\/br>&nbsp;<\/br>&nbsp;<\/br><br \/>\n&nbsp;<\/br>&nbsp;<\/br>&nbsp;<\/br><br \/>\n&nbsp;<\/br>&nbsp;<\/br>&nbsp;<\/br><br \/>\n<\/p>","protected":false},"excerpt":{"rendered":"<p>&nbsp;<\/br>&nbsp;<\/br>&nbsp;<\/br><br \/>\n&nbsp;<\/br>&nbsp;<\/br>&nbsp;<\/br><br \/>\n&nbsp;<\/br>&nbsp;<\/br>&nbsp;<\/br><br \/>\n&nbsp;<\/br>&nbsp;<\/br>&nbsp;<\/br><br \/>\n&nbsp;<\/br>&nbsp;<\/br>&nbsp;<\/br><br \/>\n&nbsp;<\/br>&nbsp;<\/br>&nbsp;<\/br><\/p>\n","protected":false},"author":3524,"featured_media":0,"comment_status":"closed","ping_status":"open","sticky":false,"template":"","format":"standard","meta":{"ngg_post_thumbnail":0,"_links_to":"","_links_to_target":""},"categories":[770,69,2789,2782,43,9670,9672],"tags":[],"_links":{"self":[{"href":"https:\/\/comunicacion.umh.es\/en\/wp-json\/wp\/v2\/posts\/93034"}],"collection":[{"href":"https:\/\/comunicacion.umh.es\/en\/wp-json\/wp\/v2\/posts"}],"about":[{"href":"https:\/\/comunicacion.umh.es\/en\/wp-json\/wp\/v2\/types\/post"}],"author":[{"embeddable":true,"href":"https:\/\/comunicacion.umh.es\/en\/wp-json\/wp\/v2\/users\/3524"}],"replies":[{"embeddable":true,"href":"https:\/\/comunicacion.umh.es\/en\/wp-json\/wp\/v2\/comments?post=93034"}],"version-history":[{"count":0,"href":"https:\/\/comunicacion.umh.es\/en\/wp-json\/wp\/v2\/posts\/93034\/revisions"}],"wp:attachment":[{"href":"https:\/\/comunicacion.umh.es\/en\/wp-json\/wp\/v2\/media?parent=93034"}],"wp:term":[{"taxonomy":"category","embeddable":true,"href":"https:\/\/comunicacion.umh.es\/en\/wp-json\/wp\/v2\/categories?post=93034"},{"taxonomy":"post_tag","embeddable":true,"href":"https:\/\/comunicacion.umh.es\/en\/wp-json\/wp\/v2\/tags?post=93034"}],"curies":[{"name":"wp","href":"https:\/\/api.w.org\/{rel}","templated":true}]}}