{"id":94433,"date":"2017-03-16T10:03:07","date_gmt":"2017-03-16T09:03:07","guid":{"rendered":"http:\/\/comunicacion.umh.es\/?p=94433"},"modified":"2017-03-16T12:35:45","modified_gmt":"2017-03-16T11:35:45","slug":"jornada-familia-y-escuela-una-vision-conjunta-para-el-acompanamiento-emocional-de-los-ninos-y-ninas","status":"publish","type":"post","link":"https:\/\/comunicacion.umh.es\/en\/2017\/03\/16\/jornada-familia-y-escuela-una-vision-conjunta-para-el-acompanamiento-emocional-de-los-ninos-y-ninas\/","title":{"rendered":"<span lang=\"es\">(Espa\u00f1ol) Conferencia \u201cFamilia y escuela. Una visi\u00f3n conjunta para el acompa\u00f1amiento emocional de los ni\u00f1os y ni\u00f1as\u201d<\/span>"},"content":{"rendered":"<p class=\"qtranxs-available-languages-message qtranxs-available-languages-message-en\">Sorry, this entry is only available in <a href=\"https:\/\/comunicacion.umh.es\/es\/wp-json\/wp\/v2\/posts\/94433\" class=\"qtranxs-available-language-link qtranxs-available-language-link-es\" title=\"Espa\u00f1ol\">European Spanish<\/a>.<\/p>","protected":false},"excerpt":{"rendered":"<p>Sorry, this entry is only available in European Spanish.<\/p>\n","protected":false},"author":3749,"featured_media":0,"comment_status":"closed","ping_status":"open","sticky":false,"template":"","format":"standard","meta":{"ngg_post_thumbnail":0,"_links_to":"","_links_to_target":""},"categories":[770,69,2782,2790,43],"tags":[],"_links":{"self":[{"href":"https:\/\/comunicacion.umh.es\/en\/wp-json\/wp\/v2\/posts\/94433"}],"collection":[{"href":"https:\/\/comunicacion.umh.es\/en\/wp-json\/wp\/v2\/posts"}],"about":[{"href":"https:\/\/comunicacion.umh.es\/en\/wp-json\/wp\/v2\/types\/post"}],"author":[{"embeddable":true,"href":"https:\/\/comunicacion.umh.es\/en\/wp-json\/wp\/v2\/users\/3749"}],"replies":[{"embeddable":true,"href":"https:\/\/comunicacion.umh.es\/en\/wp-json\/wp\/v2\/comments?post=94433"}],"version-history":[{"count":0,"href":"https:\/\/comunicacion.umh.es\/en\/wp-json\/wp\/v2\/posts\/94433\/revisions"}],"wp:attachment":[{"href":"https:\/\/comunicacion.umh.es\/en\/wp-json\/wp\/v2\/media?parent=94433"}],"wp:term":[{"taxonomy":"category","embeddable":true,"href":"https:\/\/comunicacion.umh.es\/en\/wp-json\/wp\/v2\/categories?post=94433"},{"taxonomy":"post_tag","embeddable":true,"href":"https:\/\/comunicacion.umh.es\/en\/wp-json\/wp\/v2\/tags?post=94433"}],"curies":[{"name":"wp","href":"https:\/\/api.w.org\/{rel}","templated":true}]}}