{"id":95783,"date":"2017-06-12T11:27:34","date_gmt":"2017-06-12T09:27:34","guid":{"rendered":"http:\/\/comunicacion.umh.es\/?p=95783"},"modified":"2017-06-12T11:45:44","modified_gmt":"2017-06-12T09:45:44","slug":"mas-de-115-estudiantes-del-grado-en-medicina-se-presentan-a-la-prueba-global-de-evaluacion-clinica-objetiva-y-estructurada","status":"publish","type":"post","link":"https:\/\/comunicacion.umh.es\/en\/2017\/06\/12\/mas-de-115-estudiantes-del-grado-en-medicina-se-presentan-a-la-prueba-global-de-evaluacion-clinica-objetiva-y-estructurada\/","title":{"rendered":"<span lang=\"es\">(Espa\u00f1ol) M\u00e1s de 100 estudiantes del Grado en Medicina se presentan a la prueba global de Evaluaci\u00f3n Cl\u00ednica Objetiva y Estructurada<\/span>"},"content":{"rendered":"<p class=\"qtranxs-available-languages-message qtranxs-available-languages-message-en\">Sorry, this entry is only available in <a href=\"https:\/\/comunicacion.umh.es\/es\/wp-json\/wp\/v2\/posts\/95783\" class=\"qtranxs-available-language-link qtranxs-available-language-link-es\" title=\"Espa\u00f1ol\">European Spanish<\/a>.<\/p>","protected":false},"excerpt":{"rendered":"<p>Sorry, this entry is only available in European Spanish.<\/p>\n","protected":false},"author":3620,"featured_media":0,"comment_status":"closed","ping_status":"open","sticky":false,"template":"","format":"standard","meta":{"ngg_post_thumbnail":0,"_links_to":"","_links_to_target":""},"categories":[770,2789,2782,43,2918],"tags":[],"_links":{"self":[{"href":"https:\/\/comunicacion.umh.es\/en\/wp-json\/wp\/v2\/posts\/95783"}],"collection":[{"href":"https:\/\/comunicacion.umh.es\/en\/wp-json\/wp\/v2\/posts"}],"about":[{"href":"https:\/\/comunicacion.umh.es\/en\/wp-json\/wp\/v2\/types\/post"}],"author":[{"embeddable":true,"href":"https:\/\/comunicacion.umh.es\/en\/wp-json\/wp\/v2\/users\/3620"}],"replies":[{"embeddable":true,"href":"https:\/\/comunicacion.umh.es\/en\/wp-json\/wp\/v2\/comments?post=95783"}],"version-history":[{"count":0,"href":"https:\/\/comunicacion.umh.es\/en\/wp-json\/wp\/v2\/posts\/95783\/revisions"}],"wp:attachment":[{"href":"https:\/\/comunicacion.umh.es\/en\/wp-json\/wp\/v2\/media?parent=95783"}],"wp:term":[{"taxonomy":"category","embeddable":true,"href":"https:\/\/comunicacion.umh.es\/en\/wp-json\/wp\/v2\/categories?post=95783"},{"taxonomy":"post_tag","embeddable":true,"href":"https:\/\/comunicacion.umh.es\/en\/wp-json\/wp\/v2\/tags?post=95783"}],"curies":[{"name":"wp","href":"https:\/\/api.w.org\/{rel}","templated":true}]}}