{"id":96160,"date":"2017-07-05T12:35:27","date_gmt":"2017-07-05T10:35:27","guid":{"rendered":"http:\/\/comunicacion.umh.es\/?p=96160"},"modified":"2017-07-05T12:39:22","modified_gmt":"2017-07-05T10:39:22","slug":"la-umh-premio-especial-de-la-revista-economia-3-por-su-aportacion-al-desarrollo-de-la-ciencia-en-la-provincia-de-alicante","status":"publish","type":"post","link":"https:\/\/comunicacion.umh.es\/en\/2017\/07\/05\/la-umh-premio-especial-de-la-revista-economia-3-por-su-aportacion-al-desarrollo-de-la-ciencia-en-la-provincia-de-alicante\/","title":{"rendered":"<span lang=\"es\">(Espa\u00f1ol) La UMH, Premio Especial de la revista Econom\u00eda 3 por su aportaci\u00f3n al desarrollo de la ciencia en la provincia de Alicante<\/span>"},"content":{"rendered":"<p class=\"qtranxs-available-languages-message qtranxs-available-languages-message-en\">Sorry, this entry is only available in <a href=\"https:\/\/comunicacion.umh.es\/es\/wp-json\/wp\/v2\/posts\/96160\" class=\"qtranxs-available-language-link qtranxs-available-language-link-es\" title=\"Espa\u00f1ol\">European Spanish<\/a>.<\/p>","protected":false},"excerpt":{"rendered":"<p>Sorry, this entry is only available in European Spanish.<\/p>\n","protected":false},"author":3620,"featured_media":0,"comment_status":"closed","ping_status":"open","sticky":false,"template":"","format":"standard","meta":{"ngg_post_thumbnail":0,"_links_to":"","_links_to_target":""},"categories":[770,69,2782,43,2145],"tags":[],"_links":{"self":[{"href":"https:\/\/comunicacion.umh.es\/en\/wp-json\/wp\/v2\/posts\/96160"}],"collection":[{"href":"https:\/\/comunicacion.umh.es\/en\/wp-json\/wp\/v2\/posts"}],"about":[{"href":"https:\/\/comunicacion.umh.es\/en\/wp-json\/wp\/v2\/types\/post"}],"author":[{"embeddable":true,"href":"https:\/\/comunicacion.umh.es\/en\/wp-json\/wp\/v2\/users\/3620"}],"replies":[{"embeddable":true,"href":"https:\/\/comunicacion.umh.es\/en\/wp-json\/wp\/v2\/comments?post=96160"}],"version-history":[{"count":0,"href":"https:\/\/comunicacion.umh.es\/en\/wp-json\/wp\/v2\/posts\/96160\/revisions"}],"wp:attachment":[{"href":"https:\/\/comunicacion.umh.es\/en\/wp-json\/wp\/v2\/media?parent=96160"}],"wp:term":[{"taxonomy":"category","embeddable":true,"href":"https:\/\/comunicacion.umh.es\/en\/wp-json\/wp\/v2\/categories?post=96160"},{"taxonomy":"post_tag","embeddable":true,"href":"https:\/\/comunicacion.umh.es\/en\/wp-json\/wp\/v2\/tags?post=96160"}],"curies":[{"name":"wp","href":"https:\/\/api.w.org\/{rel}","templated":true}]}}