{"id":99833,"date":"2017-11-22T10:47:51","date_gmt":"2017-11-22T09:47:51","guid":{"rendered":"https:\/\/comunicacion.umh.es\/?p=99833"},"modified":"2017-11-22T10:47:51","modified_gmt":"2017-11-22T09:47:51","slug":"estudiantes-de-terapia-ocupacional-organizan-la-iv-gala-benefica-a-favor-de-la-asociacion-padres-autismo-comunidad-valenciana","status":"publish","type":"post","link":"https:\/\/comunicacion.umh.es\/en\/2017\/11\/22\/estudiantes-de-terapia-ocupacional-organizan-la-iv-gala-benefica-a-favor-de-la-asociacion-padres-autismo-comunidad-valenciana\/","title":{"rendered":"<span lang=\"es\">(Espa\u00f1ol) Estudiantes de Terapia Ocupacional organizan la IV Gala Ben\u00e9fica a favor de la Asociaci\u00f3n Padres Autismo Comunidad Valenciana<\/span>"},"content":{"rendered":"<p class=\"qtranxs-available-languages-message qtranxs-available-languages-message-en\">Sorry, this entry is only available in <a href=\"https:\/\/comunicacion.umh.es\/es\/wp-json\/wp\/v2\/posts\/99833\" class=\"qtranxs-available-language-link qtranxs-available-language-link-es\" title=\"Espa\u00f1ol\">European Spanish<\/a>.<\/p>","protected":false},"excerpt":{"rendered":"<p>Sorry, this entry is only available in European Spanish.<\/p>\n","protected":false},"author":3878,"featured_media":0,"comment_status":"closed","ping_status":"open","sticky":false,"template":"","format":"standard","meta":{"ngg_post_thumbnail":0,"_links_to":"","_links_to_target":""},"categories":[770,2782,2783,43,2778,2785,2918],"tags":[],"_links":{"self":[{"href":"https:\/\/comunicacion.umh.es\/en\/wp-json\/wp\/v2\/posts\/99833"}],"collection":[{"href":"https:\/\/comunicacion.umh.es\/en\/wp-json\/wp\/v2\/posts"}],"about":[{"href":"https:\/\/comunicacion.umh.es\/en\/wp-json\/wp\/v2\/types\/post"}],"author":[{"embeddable":true,"href":"https:\/\/comunicacion.umh.es\/en\/wp-json\/wp\/v2\/users\/3878"}],"replies":[{"embeddable":true,"href":"https:\/\/comunicacion.umh.es\/en\/wp-json\/wp\/v2\/comments?post=99833"}],"version-history":[{"count":0,"href":"https:\/\/comunicacion.umh.es\/en\/wp-json\/wp\/v2\/posts\/99833\/revisions"}],"wp:attachment":[{"href":"https:\/\/comunicacion.umh.es\/en\/wp-json\/wp\/v2\/media?parent=99833"}],"wp:term":[{"taxonomy":"category","embeddable":true,"href":"https:\/\/comunicacion.umh.es\/en\/wp-json\/wp\/v2\/categories?post=99833"},{"taxonomy":"post_tag","embeddable":true,"href":"https:\/\/comunicacion.umh.es\/en\/wp-json\/wp\/v2\/tags?post=99833"}],"curies":[{"name":"wp","href":"https:\/\/api.w.org\/{rel}","templated":true}]}}